{"id":720,"date":"2022-10-25T16:31:14","date_gmt":"2022-10-25T16:31:14","guid":{"rendered":"https:\/\/guepardonline.fr\/wp\/?p=720"},"modified":"2022-10-25T16:31:17","modified_gmt":"2022-10-25T16:31:17","slug":"gazette-2022-rallye-historique-du-poitou-8-9-octobre","status":"publish","type":"post","link":"https:\/\/guepardonline.fr\/wp\/gazette-2022-rallye-historique-du-poitou-8-9-octobre\/","title":{"rendered":"Gazette 2022 &#8211; Rallye Historique du Poitou &#8211; 8-9 Octobre"},"content":{"rendered":"\n<p>Trois \u00e9quipages de l\u2019\u00e9curie \u00e9taient au d\u00e9part de cette 10\u00e8me \u00e9dition, qui a r\u00e9uni un beau plateau.<\/p>\n\n\n<div class=\"wp-block-image\">\n<figure class=\"aligncenter size-full\"><img fetchpriority=\"high\" decoding=\"async\" width=\"640\" height=\"480\" src=\"https:\/\/guepardonline.fr\/wp-content\/uploads\/2022\/10\/Gue\u0301pards-attable\u0301s.jpeg\" alt=\"\" class=\"wp-image-721\" srcset=\"https:\/\/guepardonline.fr\/wp-content\/uploads\/2022\/10\/Gue\u0301pards-attable\u0301s.jpeg 640w, https:\/\/guepardonline.fr\/wp-content\/uploads\/2022\/10\/Gue\u0301pards-attable\u0301s-300x225.jpeg 300w\" sizes=\"(max-width: 640px) 100vw, 640px\" \/><figcaption>Les Gu\u00e9pards engag\u00e9s sur ce \u00ab\u00a0Poitou\u00a0\u00bb<\/figcaption><\/figure>\n<\/div>\n\n\n<p>Patrick GUILLON et Dan HOURY, sur la Porsche 944 de Dan, n&rsquo;ont pas \u00e9t\u00e9 tr\u00e8s heureux, cassant une transmission en d\u00e9but d&rsquo;\u00e9preuve.<\/p>\n\n\n\n<p>Michel LABORIE et Jacques PHELIPPEAU, sur la Murena de ce dernier, 7\u00e8mes le samedi soir, ont effectu\u00e9 une belle remont\u00e9e le dimanche, pour terminer 4\u00e8mes, au pied du podium, avec toutefois quelques interrogations que l&rsquo;absence de corrig\u00e9s \u00e0 l&rsquo;arriv\u00e9e n&rsquo;a pas permis de dissiper\u2026<\/p>\n\n\n\n<p>Pour Francis PLANCHE et Catherine NOGIER, \u00e7a s&rsquo;est finalement tr\u00e8s bien d\u00e9roul\u00e9. Malgr\u00e9 2 CP, et 7 minutes suite \u00e0 un passage difficile sur une \u00ab\u00a0carte \u00e0 points\u00a0\u00bb, la MGB-GT pointait en t\u00eate en fin de premi\u00e8re journ\u00e9e, mais avec une toute petite avance sur les seconds, les troisi\u00e8mes \u00e9taient un peu plus loin, avec 4 CP. Le dimanche, toujours sous un temps ensoleill\u00e9, ils admettent avoir \u00e9t\u00e9 moins en r\u00e9ussite, prenant 2 autres CP, l&rsquo;un sur un petit d\u00e9calage non vu entre un calque et la carte, l&rsquo;autre sur un rond-point franchi alors qu&rsquo;un groupe d&rsquo;une trentaine de cyclistes ne leur a pas permis de voir le panneau\u2026<\/p>\n\n\n<div class=\"wp-block-image\">\n<figure class=\"aligncenter size-full\"><img decoding=\"async\" width=\"480\" height=\"640\" src=\"https:\/\/guepardonline.fr\/wp-content\/uploads\/2022\/10\/Catherine-et-Francis.jpeg\" alt=\"\" class=\"wp-image-722\" srcset=\"https:\/\/guepardonline.fr\/wp-content\/uploads\/2022\/10\/Catherine-et-Francis.jpeg 480w, https:\/\/guepardonline.fr\/wp-content\/uploads\/2022\/10\/Catherine-et-Francis-225x300.jpeg 225w\" sizes=\"(max-width: 480px) 100vw, 480px\" \/><figcaption>Catherine et Francis<\/figcaption><\/figure>\n<\/div>\n\n\n<p>LE TOHIC-ROLIN (205 Gti), seconds la veille, n&rsquo;ont pas fait mieux et prennent finalement la troisi\u00e8me place.<\/p>\n\n\n\n<p>BOSDRON-SEVESTRE (Manta 1200S) par contre, r\u00e9alisent l&rsquo;\u00e9tape parfaite et se placent en t\u00eate pour 10 points, \u2026hors coefficient d&rsquo;anciennet\u00e9 de la voiture. Apr\u00e8s application de ce dernier, la victoire finale revient \u00e0 nos Gu\u00e9pards, une ligne de plus \u00e0 un palmar\u00e8s d\u00e9j\u00e0 fort bien rempli\u00a0!<\/p>\n","protected":false},"excerpt":{"rendered":"<p>Trois \u00e9quipages de l\u2019\u00e9curie \u00e9taient au d\u00e9part de cette 10\u00e8me \u00e9dition, qui a r\u00e9uni un beau plateau. Patrick GUILLON et Dan HOURY, sur la Porsche &hellip; <\/p>\n","protected":false},"author":2,"featured_media":721,"comment_status":"open","ping_status":"open","sticky":false,"template":"","format":"standard","meta":{"footnotes":""},"categories":[27],"tags":[],"class_list":["post-720","post","type-post","status-publish","format-standard","has-post-thumbnail","hentry","category-gazettes-2022"],"yoast_head":"<!-- This site is optimized with the Yoast SEO plugin v26.5 - https:\/\/yoast.com\/wordpress\/plugins\/seo\/ -->\n<title>Gazette 2022 - Rallye Historique du Poitou - 8-9 Octobre - Ecurie Gu\u00e9pard<\/title>\n<meta name=\"robots\" content=\"index, follow, max-snippet:-1, max-image-preview:large, max-video-preview:-1\" \/>\n<link rel=\"canonical\" href=\"https:\/\/guepardonline.fr\/wp\/gazette-2022-rallye-historique-du-poitou-8-9-octobre\/\" \/>\n<meta property=\"og:locale\" content=\"fr_FR\" \/>\n<meta property=\"og:type\" content=\"article\" \/>\n<meta property=\"og:title\" content=\"Gazette 2022 - Rallye Historique du Poitou - 8-9 Octobre - Ecurie Gu\u00e9pard\" \/>\n<meta property=\"og:description\" content=\"Trois \u00e9quipages de l\u2019\u00e9curie \u00e9taient au d\u00e9part de cette 10\u00e8me \u00e9dition, qui a r\u00e9uni un beau plateau. Patrick GUILLON et Dan HOURY, sur la Porsche &hellip;\" \/>\n<meta property=\"og:url\" content=\"https:\/\/guepardonline.fr\/wp\/gazette-2022-rallye-historique-du-poitou-8-9-octobre\/\" \/>\n<meta property=\"og:site_name\" content=\"Ecurie Gu\u00e9pard\" \/>\n<meta property=\"article:published_time\" content=\"2022-10-25T16:31:14+00:00\" \/>\n<meta property=\"article:modified_time\" content=\"2022-10-25T16:31:17+00:00\" \/>\n<meta property=\"og:image\" content=\"https:\/\/guepardonline.fr\/wp-content\/uploads\/2022\/10\/Gue\u0301pards-attable\u0301s.jpeg\" \/>\n\t<meta property=\"og:image:width\" content=\"640\" \/>\n\t<meta property=\"og:image:height\" content=\"480\" \/>\n\t<meta property=\"og:image:type\" content=\"image\/jpeg\" \/>\n<meta name=\"author\" content=\"Thierry Levalleux\" \/>\n<meta name=\"twitter:card\" content=\"summary_large_image\" \/>\n<meta name=\"twitter:label1\" content=\"\u00c9crit par\" \/>\n\t<meta name=\"twitter:data1\" content=\"Thierry Levalleux\" \/>\n\t<meta name=\"twitter:label2\" content=\"Dur\u00e9e de lecture estim\u00e9e\" \/>\n\t<meta name=\"twitter:data2\" content=\"2 minutes\" \/>\n<script type=\"application\/ld+json\" class=\"yoast-schema-graph\">{\"@context\":\"https:\/\/schema.org\",\"@graph\":[{\"@type\":\"WebPage\",\"@id\":\"https:\/\/guepardonline.fr\/wp\/gazette-2022-rallye-historique-du-poitou-8-9-octobre\/\",\"url\":\"https:\/\/guepardonline.fr\/wp\/gazette-2022-rallye-historique-du-poitou-8-9-octobre\/\",\"name\":\"Gazette 2022 - Rallye Historique du Poitou - 8-9 Octobre - Ecurie Gu\u00e9pard\",\"isPartOf\":{\"@id\":\"https:\/\/guepardonline.fr\/wp\/#website\"},\"primaryImageOfPage\":{\"@id\":\"https:\/\/guepardonline.fr\/wp\/gazette-2022-rallye-historique-du-poitou-8-9-octobre\/#primaryimage\"},\"image\":{\"@id\":\"https:\/\/guepardonline.fr\/wp\/gazette-2022-rallye-historique-du-poitou-8-9-octobre\/#primaryimage\"},\"thumbnailUrl\":\"https:\/\/guepardonline.fr\/wp-content\/uploads\/2022\/10\/Gue\u0301pards-attable\u0301s.jpeg\",\"datePublished\":\"2022-10-25T16:31:14+00:00\",\"dateModified\":\"2022-10-25T16:31:17+00:00\",\"author\":{\"@id\":\"https:\/\/guepardonline.fr\/wp\/#\/schema\/person\/e350d0fe0be16d31095c37507064dad8\"},\"breadcrumb\":{\"@id\":\"https:\/\/guepardonline.fr\/wp\/gazette-2022-rallye-historique-du-poitou-8-9-octobre\/#breadcrumb\"},\"inLanguage\":\"fr-FR\",\"potentialAction\":[{\"@type\":\"ReadAction\",\"target\":[\"https:\/\/guepardonline.fr\/wp\/gazette-2022-rallye-historique-du-poitou-8-9-octobre\/\"]}]},{\"@type\":\"ImageObject\",\"inLanguage\":\"fr-FR\",\"@id\":\"https:\/\/guepardonline.fr\/wp\/gazette-2022-rallye-historique-du-poitou-8-9-octobre\/#primaryimage\",\"url\":\"https:\/\/guepardonline.fr\/wp-content\/uploads\/2022\/10\/Gue\u0301pards-attable\u0301s.jpeg\",\"contentUrl\":\"https:\/\/guepardonline.fr\/wp-content\/uploads\/2022\/10\/Gue\u0301pards-attable\u0301s.jpeg\",\"width\":640,\"height\":480},{\"@type\":\"BreadcrumbList\",\"@id\":\"https:\/\/guepardonline.fr\/wp\/gazette-2022-rallye-historique-du-poitou-8-9-octobre\/#breadcrumb\",\"itemListElement\":[{\"@type\":\"ListItem\",\"position\":1,\"name\":\"Accueil\",\"item\":\"https:\/\/guepardonline.fr\/wp\/\"},{\"@type\":\"ListItem\",\"position\":2,\"name\":\"Gazette 2022 &#8211; Rallye Historique du Poitou &#8211; 8-9 Octobre\"}]},{\"@type\":\"WebSite\",\"@id\":\"https:\/\/guepardonline.fr\/wp\/#website\",\"url\":\"https:\/\/guepardonline.fr\/wp\/\",\"name\":\"Ecurie Gu\u00e9pard\",\"description\":\"L&#039;actualit\u00e9 de l&#039;association sportive automobile Ecurie Gu\u00e9pard\",\"potentialAction\":[{\"@type\":\"SearchAction\",\"target\":{\"@type\":\"EntryPoint\",\"urlTemplate\":\"https:\/\/guepardonline.fr\/wp\/?s={search_term_string}\"},\"query-input\":{\"@type\":\"PropertyValueSpecification\",\"valueRequired\":true,\"valueName\":\"search_term_string\"}}],\"inLanguage\":\"fr-FR\"},{\"@type\":\"Person\",\"@id\":\"https:\/\/guepardonline.fr\/wp\/#\/schema\/person\/e350d0fe0be16d31095c37507064dad8\",\"name\":\"Thierry Levalleux\",\"image\":{\"@type\":\"ImageObject\",\"inLanguage\":\"fr-FR\",\"@id\":\"https:\/\/guepardonline.fr\/wp\/#\/schema\/person\/image\/\",\"url\":\"https:\/\/secure.gravatar.com\/avatar\/06b7c568a490ab8c3dd22b022519b89f03c59ce78bb93fa2aa32badba49f30b8?s=96&d=mm&r=g\",\"contentUrl\":\"https:\/\/secure.gravatar.com\/avatar\/06b7c568a490ab8c3dd22b022519b89f03c59ce78bb93fa2aa32badba49f30b8?s=96&d=mm&r=g\",\"caption\":\"Thierry Levalleux\"},\"url\":\"https:\/\/guepardonline.fr\/wp\/author\/thierry\/\"}]}<\/script>\n<!-- \/ Yoast SEO plugin. -->","yoast_head_json":{"title":"Gazette 2022 - Rallye Historique du Poitou - 8-9 Octobre - Ecurie Gu\u00e9pard","robots":{"index":"index","follow":"follow","max-snippet":"max-snippet:-1","max-image-preview":"max-image-preview:large","max-video-preview":"max-video-preview:-1"},"canonical":"https:\/\/guepardonline.fr\/wp\/gazette-2022-rallye-historique-du-poitou-8-9-octobre\/","og_locale":"fr_FR","og_type":"article","og_title":"Gazette 2022 - Rallye Historique du Poitou - 8-9 Octobre - Ecurie Gu\u00e9pard","og_description":"Trois \u00e9quipages de l\u2019\u00e9curie \u00e9taient au d\u00e9part de cette 10\u00e8me \u00e9dition, qui a r\u00e9uni un beau plateau. Patrick GUILLON et Dan HOURY, sur la Porsche &hellip;","og_url":"https:\/\/guepardonline.fr\/wp\/gazette-2022-rallye-historique-du-poitou-8-9-octobre\/","og_site_name":"Ecurie Gu\u00e9pard","article_published_time":"2022-10-25T16:31:14+00:00","article_modified_time":"2022-10-25T16:31:17+00:00","og_image":[{"width":640,"height":480,"url":"https:\/\/guepardonline.fr\/wp-content\/uploads\/2022\/10\/Gue\u0301pards-attable\u0301s.jpeg","type":"image\/jpeg"}],"author":"Thierry Levalleux","twitter_card":"summary_large_image","twitter_misc":{"\u00c9crit par":"Thierry Levalleux","Dur\u00e9e de lecture estim\u00e9e":"2 minutes"},"schema":{"@context":"https:\/\/schema.org","@graph":[{"@type":"WebPage","@id":"https:\/\/guepardonline.fr\/wp\/gazette-2022-rallye-historique-du-poitou-8-9-octobre\/","url":"https:\/\/guepardonline.fr\/wp\/gazette-2022-rallye-historique-du-poitou-8-9-octobre\/","name":"Gazette 2022 - Rallye Historique du Poitou - 8-9 Octobre - Ecurie Gu\u00e9pard","isPartOf":{"@id":"https:\/\/guepardonline.fr\/wp\/#website"},"primaryImageOfPage":{"@id":"https:\/\/guepardonline.fr\/wp\/gazette-2022-rallye-historique-du-poitou-8-9-octobre\/#primaryimage"},"image":{"@id":"https:\/\/guepardonline.fr\/wp\/gazette-2022-rallye-historique-du-poitou-8-9-octobre\/#primaryimage"},"thumbnailUrl":"https:\/\/guepardonline.fr\/wp-content\/uploads\/2022\/10\/Gue\u0301pards-attable\u0301s.jpeg","datePublished":"2022-10-25T16:31:14+00:00","dateModified":"2022-10-25T16:31:17+00:00","author":{"@id":"https:\/\/guepardonline.fr\/wp\/#\/schema\/person\/e350d0fe0be16d31095c37507064dad8"},"breadcrumb":{"@id":"https:\/\/guepardonline.fr\/wp\/gazette-2022-rallye-historique-du-poitou-8-9-octobre\/#breadcrumb"},"inLanguage":"fr-FR","potentialAction":[{"@type":"ReadAction","target":["https:\/\/guepardonline.fr\/wp\/gazette-2022-rallye-historique-du-poitou-8-9-octobre\/"]}]},{"@type":"ImageObject","inLanguage":"fr-FR","@id":"https:\/\/guepardonline.fr\/wp\/gazette-2022-rallye-historique-du-poitou-8-9-octobre\/#primaryimage","url":"https:\/\/guepardonline.fr\/wp-content\/uploads\/2022\/10\/Gue\u0301pards-attable\u0301s.jpeg","contentUrl":"https:\/\/guepardonline.fr\/wp-content\/uploads\/2022\/10\/Gue\u0301pards-attable\u0301s.jpeg","width":640,"height":480},{"@type":"BreadcrumbList","@id":"https:\/\/guepardonline.fr\/wp\/gazette-2022-rallye-historique-du-poitou-8-9-octobre\/#breadcrumb","itemListElement":[{"@type":"ListItem","position":1,"name":"Accueil","item":"https:\/\/guepardonline.fr\/wp\/"},{"@type":"ListItem","position":2,"name":"Gazette 2022 &#8211; Rallye Historique du Poitou &#8211; 8-9 Octobre"}]},{"@type":"WebSite","@id":"https:\/\/guepardonline.fr\/wp\/#website","url":"https:\/\/guepardonline.fr\/wp\/","name":"Ecurie Gu\u00e9pard","description":"L&#039;actualit\u00e9 de l&#039;association sportive automobile Ecurie Gu\u00e9pard","potentialAction":[{"@type":"SearchAction","target":{"@type":"EntryPoint","urlTemplate":"https:\/\/guepardonline.fr\/wp\/?s={search_term_string}"},"query-input":{"@type":"PropertyValueSpecification","valueRequired":true,"valueName":"search_term_string"}}],"inLanguage":"fr-FR"},{"@type":"Person","@id":"https:\/\/guepardonline.fr\/wp\/#\/schema\/person\/e350d0fe0be16d31095c37507064dad8","name":"Thierry Levalleux","image":{"@type":"ImageObject","inLanguage":"fr-FR","@id":"https:\/\/guepardonline.fr\/wp\/#\/schema\/person\/image\/","url":"https:\/\/secure.gravatar.com\/avatar\/06b7c568a490ab8c3dd22b022519b89f03c59ce78bb93fa2aa32badba49f30b8?s=96&d=mm&r=g","contentUrl":"https:\/\/secure.gravatar.com\/avatar\/06b7c568a490ab8c3dd22b022519b89f03c59ce78bb93fa2aa32badba49f30b8?s=96&d=mm&r=g","caption":"Thierry Levalleux"},"url":"https:\/\/guepardonline.fr\/wp\/author\/thierry\/"}]}},"_links":{"self":[{"href":"https:\/\/guepardonline.fr\/wp\/wp-json\/wp\/v2\/posts\/720","targetHints":{"allow":["GET"]}}],"collection":[{"href":"https:\/\/guepardonline.fr\/wp\/wp-json\/wp\/v2\/posts"}],"about":[{"href":"https:\/\/guepardonline.fr\/wp\/wp-json\/wp\/v2\/types\/post"}],"author":[{"embeddable":true,"href":"https:\/\/guepardonline.fr\/wp\/wp-json\/wp\/v2\/users\/2"}],"replies":[{"embeddable":true,"href":"https:\/\/guepardonline.fr\/wp\/wp-json\/wp\/v2\/comments?post=720"}],"version-history":[{"count":2,"href":"https:\/\/guepardonline.fr\/wp\/wp-json\/wp\/v2\/posts\/720\/revisions"}],"predecessor-version":[{"id":724,"href":"https:\/\/guepardonline.fr\/wp\/wp-json\/wp\/v2\/posts\/720\/revisions\/724"}],"wp:featuredmedia":[{"embeddable":true,"href":"https:\/\/guepardonline.fr\/wp\/wp-json\/wp\/v2\/media\/721"}],"wp:attachment":[{"href":"https:\/\/guepardonline.fr\/wp\/wp-json\/wp\/v2\/media?parent=720"}],"wp:term":[{"taxonomy":"category","embeddable":true,"href":"https:\/\/guepardonline.fr\/wp\/wp-json\/wp\/v2\/categories?post=720"},{"taxonomy":"post_tag","embeddable":true,"href":"https:\/\/guepardonline.fr\/wp\/wp-json\/wp\/v2\/tags?post=720"}],"curies":[{"name":"wp","href":"https:\/\/api.w.org\/{rel}","templated":true}]}}