{"id":601,"date":"2022-02-20T15:18:24","date_gmt":"2022-02-20T15:18:24","guid":{"rendered":"https:\/\/guepardonline.fr\/wp\/?p=601"},"modified":"2022-02-20T15:24:29","modified_gmt":"2022-02-20T15:24:29","slug":"gazette-2022-3eme-rallye-classic-val-de-nuit-12-fevrier","status":"publish","type":"post","link":"https:\/\/guepardonline.fr\/wp\/gazette-2022-3eme-rallye-classic-val-de-nuit-12-fevrier\/","title":{"rendered":"Gazette 2022 &#8211; 3\u00e8me rallye Classic Val de Nuit &#8211; 12 F\u00e9vrier"},"content":{"rendered":"\n<p>Le r\u00e9cit de <strong>Jacques PHELIPPEAU<\/strong> qui accompagne pour l&rsquo;occasion <strong>Andr\u00e9 GRISON<\/strong> sur l&rsquo;Opel Kadett.<\/p>\n\n\n\n<p>\u00a0\u00bb <em>E<\/em>ncore une grosse organisation de l\u2019\u00e9quipe de Jack BOINOT \u00e0 Niort. La Place de la Br\u00e8che bien anim\u00e9e une fois de plus.<\/p>\n\n\n\n<figure class=\"wp-block-image size-large\"><img fetchpriority=\"high\" decoding=\"async\" width=\"1024\" height=\"683\" src=\"https:\/\/guepardonline.fr\/wp-content\/uploads\/2022\/02\/ClassicValDeNuit-01-1024x683.jpg\" alt=\"\" class=\"wp-image-609\" srcset=\"https:\/\/guepardonline.fr\/wp-content\/uploads\/2022\/02\/ClassicValDeNuit-01-1024x683.jpg 1024w, https:\/\/guepardonline.fr\/wp-content\/uploads\/2022\/02\/ClassicValDeNuit-01-300x200.jpg 300w, https:\/\/guepardonline.fr\/wp-content\/uploads\/2022\/02\/ClassicValDeNuit-01-768x512.jpg 768w, https:\/\/guepardonline.fr\/wp-content\/uploads\/2022\/02\/ClassicValDeNuit-01.jpg 1386w\" sizes=\"(max-width: 1024px) 100vw, 1024px\" \/><\/figure>\n\n\n\n<p><em>Avec D\u00e9d\u00e9 Grison, lors de notre premi\u00e8re tentative ensemble au Val de Nuit de janvier 2020, j\u2019avais fait 2 grosses erreurs de navigation qui nous avaient rel\u00e9gu\u00e9s au milieu du peloton&nbsp;; et bien cette ann\u00e9e j\u2019en ai encore fait deux (!), mais plus petites. Cependant, comme beaucoup ont eu aussi droit \u00e0 quelques \u00e9garements, nous finissons chanceux \u00e0 la 6e place.<br>Pour 240 km au total, le rallye comportait 200 km de r\u00e9gularit\u00e9 en 10 ZRs, toutes de nuit \u00e0 partir de la 3e. Un gros plateau avec tous les habitu\u00e9s des podiums des ann\u00e9es pr\u00e9c\u00e9dentes.<\/em><\/p>\n\n\n\n<figure class=\"wp-block-image size-large\"><img decoding=\"async\" width=\"768\" height=\"1024\" src=\"https:\/\/guepardonline.fr\/wp-content\/uploads\/2022\/02\/ClassicValDeNuit-02-1-768x1024.jpg\" alt=\"\" class=\"wp-image-608\" srcset=\"https:\/\/guepardonline.fr\/wp-content\/uploads\/2022\/02\/ClassicValDeNuit-02-1-768x1024.jpg 768w, https:\/\/guepardonline.fr\/wp-content\/uploads\/2022\/02\/ClassicValDeNuit-02-1-225x300.jpg 225w, https:\/\/guepardonline.fr\/wp-content\/uploads\/2022\/02\/ClassicValDeNuit-02-1-1152x1536.jpg 1152w, https:\/\/guepardonline.fr\/wp-content\/uploads\/2022\/02\/ClassicValDeNuit-02-1.jpg 1498w\" sizes=\"(max-width: 768px) 100vw, 768px\" \/><\/figure>\n\n\n\n<p><em>Avec sa pr\u00e9paration course, le moteur de la Kadett ne simplifie pas la vie de D\u00e9d\u00e9 pour r\u00e9guler correctement \u00e0 vitesse r\u00e9duite, cependant, au fil des al\u00e9as rencontr\u00e9s par chacun, on a tout de m\u00eame point\u00e9 un instant au 3e rang scratch apr\u00e8s la 7e ZR. Mais, \u00e0 minuit pass\u00e9, j\u2019ai commenc\u00e9 \u00e0 \u00eatre moins vigilant. Une premi\u00e8re erreur d\u2019inattention dans la ZR8, et voil\u00e0 39 secondes dans la musette. Puis une seconde dans l\u2019ultime ZR nous a lest\u00e9 de 14 sec de plus.<br>La d\u00e9ception a d\u00fb \u00eatre pire pour l\u2019\u00e9quipage qui \u00e9tait en t\u00eate depuis la ZR5, et qui recule en 2e position pour un erreur \u00e0 1 km de la fin de la derni\u00e8re ZR&nbsp;!<br>En tout cas, le podium de cette \u00e9dition est in\u00e9dit, et bien sympa.<\/em><\/p>\n\n\n\n<figure class=\"wp-block-image size-full\"><img decoding=\"async\" width=\"600\" height=\"342\" src=\"https:\/\/guepardonline.fr\/wp-content\/uploads\/2022\/02\/ClassicValDeNuit-03.jpg\" alt=\"\" class=\"wp-image-610\" srcset=\"https:\/\/guepardonline.fr\/wp-content\/uploads\/2022\/02\/ClassicValDeNuit-03.jpg 600w, https:\/\/guepardonline.fr\/wp-content\/uploads\/2022\/02\/ClassicValDeNuit-03-300x171.jpg 300w\" sizes=\"(max-width: 600px) 100vw, 600px\" \/><\/figure>\n\n\n\n<figure class=\"wp-block-image size-large\"><img loading=\"lazy\" decoding=\"async\" width=\"1024\" height=\"724\" src=\"https:\/\/guepardonline.fr\/wp-content\/uploads\/2022\/02\/ClassicValDeNuit-04-1024x724.jpg\" alt=\"\" class=\"wp-image-611\" srcset=\"https:\/\/guepardonline.fr\/wp-content\/uploads\/2022\/02\/ClassicValDeNuit-04-1024x724.jpg 1024w, https:\/\/guepardonline.fr\/wp-content\/uploads\/2022\/02\/ClassicValDeNuit-04-300x212.jpg 300w, https:\/\/guepardonline.fr\/wp-content\/uploads\/2022\/02\/ClassicValDeNuit-04-768x543.jpg 768w, https:\/\/guepardonline.fr\/wp-content\/uploads\/2022\/02\/ClassicValDeNuit-04-120x85.jpg 120w, https:\/\/guepardonline.fr\/wp-content\/uploads\/2022\/02\/ClassicValDeNuit-04.jpg 1386w\" sizes=\"(max-width: 1024px) 100vw, 1024px\" \/><\/figure>\n\n\n\n<p><em>Nos prochaines sorties, avec Lysiane au volant de la Murena&nbsp;:<br>\u2022 Le Carto\u2019Cagouille (d\u00e9pt 17) le 26 mars<br>\u2022 Le Rallye de la Porcelaine (d\u00e9pt 87) les 16-17 avril<br>Mais entretemps, \u00e0 l\u2019\u00c9curie Chambrille, on a un gros challenge avec l\u2019organisation du 1er Rallye Dame de Chambrille Moderne-VHC-VHRS, les 9-10 avril, o\u00f9 je m\u2019occuperai principalement du VHRS (donc pas de Rallye Le mans Historique pour nous cette ann\u00e9e).<\/em> \u00ab\u00a0<\/p>\n\n\n\n<p><strong>Jacques<\/strong><\/p>\n","protected":false},"excerpt":{"rendered":"<p>Le r\u00e9cit de Jacques PHELIPPEAU qui accompagne pour l&rsquo;occasion Andr\u00e9 GRISON sur l&rsquo;Opel Kadett. \u00a0\u00bb Encore une grosse organisation de l\u2019\u00e9quipe de Jack BOINOT \u00e0 &hellip; <\/p>\n","protected":false},"author":2,"featured_media":607,"comment_status":"open","ping_status":"open","sticky":false,"template":"","format":"standard","meta":{"footnotes":""},"categories":[27],"tags":[],"class_list":["post-601","post","type-post","status-publish","format-standard","has-post-thumbnail","hentry","category-gazettes-2022"],"yoast_head":"<!-- This site is optimized with the Yoast SEO plugin v26.5 - https:\/\/yoast.com\/wordpress\/plugins\/seo\/ -->\n<title>Gazette 2022 - 3\u00e8me rallye Classic Val de Nuit - 12 F\u00e9vrier - Ecurie Gu\u00e9pard<\/title>\n<meta name=\"robots\" content=\"index, follow, max-snippet:-1, max-image-preview:large, max-video-preview:-1\" \/>\n<link rel=\"canonical\" href=\"https:\/\/guepardonline.fr\/wp\/gazette-2022-3eme-rallye-classic-val-de-nuit-12-fevrier\/\" \/>\n<meta property=\"og:locale\" content=\"fr_FR\" \/>\n<meta property=\"og:type\" content=\"article\" \/>\n<meta property=\"og:title\" content=\"Gazette 2022 - 3\u00e8me rallye Classic Val de Nuit - 12 F\u00e9vrier - Ecurie Gu\u00e9pard\" \/>\n<meta property=\"og:description\" content=\"Le r\u00e9cit de Jacques PHELIPPEAU qui accompagne pour l&rsquo;occasion Andr\u00e9 GRISON sur l&rsquo;Opel Kadett. \u00a0\u00bb Encore une grosse organisation de l\u2019\u00e9quipe de Jack BOINOT \u00e0 &hellip;\" \/>\n<meta property=\"og:url\" content=\"https:\/\/guepardonline.fr\/wp\/gazette-2022-3eme-rallye-classic-val-de-nuit-12-fevrier\/\" \/>\n<meta property=\"og:site_name\" content=\"Ecurie Gu\u00e9pard\" \/>\n<meta property=\"article:published_time\" content=\"2022-02-20T15:18:24+00:00\" \/>\n<meta property=\"article:modified_time\" content=\"2022-02-20T15:24:29+00:00\" \/>\n<meta property=\"og:image\" content=\"https:\/\/guepardonline.fr\/wp-content\/uploads\/2022\/02\/ClassicValDeNuit-00-1.jpg\" \/>\n\t<meta property=\"og:image:width\" content=\"1494\" \/>\n\t<meta property=\"og:image:height\" content=\"955\" \/>\n\t<meta property=\"og:image:type\" content=\"image\/jpeg\" \/>\n<meta name=\"author\" content=\"Thierry Levalleux\" \/>\n<meta name=\"twitter:card\" content=\"summary_large_image\" \/>\n<meta name=\"twitter:label1\" content=\"\u00c9crit par\" \/>\n\t<meta name=\"twitter:data1\" content=\"Thierry Levalleux\" \/>\n\t<meta name=\"twitter:label2\" content=\"Dur\u00e9e de lecture estim\u00e9e\" \/>\n\t<meta name=\"twitter:data2\" content=\"3 minutes\" \/>\n<script type=\"application\/ld+json\" class=\"yoast-schema-graph\">{\"@context\":\"https:\/\/schema.org\",\"@graph\":[{\"@type\":\"WebPage\",\"@id\":\"https:\/\/guepardonline.fr\/wp\/gazette-2022-3eme-rallye-classic-val-de-nuit-12-fevrier\/\",\"url\":\"https:\/\/guepardonline.fr\/wp\/gazette-2022-3eme-rallye-classic-val-de-nuit-12-fevrier\/\",\"name\":\"Gazette 2022 - 3\u00e8me rallye Classic Val de Nuit - 12 F\u00e9vrier - Ecurie Gu\u00e9pard\",\"isPartOf\":{\"@id\":\"https:\/\/guepardonline.fr\/wp\/#website\"},\"primaryImageOfPage\":{\"@id\":\"https:\/\/guepardonline.fr\/wp\/gazette-2022-3eme-rallye-classic-val-de-nuit-12-fevrier\/#primaryimage\"},\"image\":{\"@id\":\"https:\/\/guepardonline.fr\/wp\/gazette-2022-3eme-rallye-classic-val-de-nuit-12-fevrier\/#primaryimage\"},\"thumbnailUrl\":\"https:\/\/guepardonline.fr\/wp-content\/uploads\/2022\/02\/ClassicValDeNuit-00-1.jpg\",\"datePublished\":\"2022-02-20T15:18:24+00:00\",\"dateModified\":\"2022-02-20T15:24:29+00:00\",\"author\":{\"@id\":\"https:\/\/guepardonline.fr\/wp\/#\/schema\/person\/e350d0fe0be16d31095c37507064dad8\"},\"breadcrumb\":{\"@id\":\"https:\/\/guepardonline.fr\/wp\/gazette-2022-3eme-rallye-classic-val-de-nuit-12-fevrier\/#breadcrumb\"},\"inLanguage\":\"fr-FR\",\"potentialAction\":[{\"@type\":\"ReadAction\",\"target\":[\"https:\/\/guepardonline.fr\/wp\/gazette-2022-3eme-rallye-classic-val-de-nuit-12-fevrier\/\"]}]},{\"@type\":\"ImageObject\",\"inLanguage\":\"fr-FR\",\"@id\":\"https:\/\/guepardonline.fr\/wp\/gazette-2022-3eme-rallye-classic-val-de-nuit-12-fevrier\/#primaryimage\",\"url\":\"https:\/\/guepardonline.fr\/wp-content\/uploads\/2022\/02\/ClassicValDeNuit-00-1.jpg\",\"contentUrl\":\"https:\/\/guepardonline.fr\/wp-content\/uploads\/2022\/02\/ClassicValDeNuit-00-1.jpg\",\"width\":1494,\"height\":955,\"caption\":\"3\u00e8me Classic Val de Nuit - 12 F\u00e9vrier 2022\"},{\"@type\":\"BreadcrumbList\",\"@id\":\"https:\/\/guepardonline.fr\/wp\/gazette-2022-3eme-rallye-classic-val-de-nuit-12-fevrier\/#breadcrumb\",\"itemListElement\":[{\"@type\":\"ListItem\",\"position\":1,\"name\":\"Accueil\",\"item\":\"https:\/\/guepardonline.fr\/wp\/\"},{\"@type\":\"ListItem\",\"position\":2,\"name\":\"Gazette 2022 &#8211; 3\u00e8me rallye Classic Val de Nuit &#8211; 12 F\u00e9vrier\"}]},{\"@type\":\"WebSite\",\"@id\":\"https:\/\/guepardonline.fr\/wp\/#website\",\"url\":\"https:\/\/guepardonline.fr\/wp\/\",\"name\":\"Ecurie Gu\u00e9pard\",\"description\":\"L&#039;actualit\u00e9 de l&#039;association sportive automobile Ecurie Gu\u00e9pard\",\"potentialAction\":[{\"@type\":\"SearchAction\",\"target\":{\"@type\":\"EntryPoint\",\"urlTemplate\":\"https:\/\/guepardonline.fr\/wp\/?s={search_term_string}\"},\"query-input\":{\"@type\":\"PropertyValueSpecification\",\"valueRequired\":true,\"valueName\":\"search_term_string\"}}],\"inLanguage\":\"fr-FR\"},{\"@type\":\"Person\",\"@id\":\"https:\/\/guepardonline.fr\/wp\/#\/schema\/person\/e350d0fe0be16d31095c37507064dad8\",\"name\":\"Thierry Levalleux\",\"image\":{\"@type\":\"ImageObject\",\"inLanguage\":\"fr-FR\",\"@id\":\"https:\/\/guepardonline.fr\/wp\/#\/schema\/person\/image\/\",\"url\":\"https:\/\/secure.gravatar.com\/avatar\/06b7c568a490ab8c3dd22b022519b89f03c59ce78bb93fa2aa32badba49f30b8?s=96&d=mm&r=g\",\"contentUrl\":\"https:\/\/secure.gravatar.com\/avatar\/06b7c568a490ab8c3dd22b022519b89f03c59ce78bb93fa2aa32badba49f30b8?s=96&d=mm&r=g\",\"caption\":\"Thierry Levalleux\"},\"url\":\"https:\/\/guepardonline.fr\/wp\/author\/thierry\/\"}]}<\/script>\n<!-- \/ Yoast SEO plugin. -->","yoast_head_json":{"title":"Gazette 2022 - 3\u00e8me rallye Classic Val de Nuit - 12 F\u00e9vrier - Ecurie Gu\u00e9pard","robots":{"index":"index","follow":"follow","max-snippet":"max-snippet:-1","max-image-preview":"max-image-preview:large","max-video-preview":"max-video-preview:-1"},"canonical":"https:\/\/guepardonline.fr\/wp\/gazette-2022-3eme-rallye-classic-val-de-nuit-12-fevrier\/","og_locale":"fr_FR","og_type":"article","og_title":"Gazette 2022 - 3\u00e8me rallye Classic Val de Nuit - 12 F\u00e9vrier - Ecurie Gu\u00e9pard","og_description":"Le r\u00e9cit de Jacques PHELIPPEAU qui accompagne pour l&rsquo;occasion Andr\u00e9 GRISON sur l&rsquo;Opel Kadett. \u00a0\u00bb Encore une grosse organisation de l\u2019\u00e9quipe de Jack BOINOT \u00e0 &hellip;","og_url":"https:\/\/guepardonline.fr\/wp\/gazette-2022-3eme-rallye-classic-val-de-nuit-12-fevrier\/","og_site_name":"Ecurie Gu\u00e9pard","article_published_time":"2022-02-20T15:18:24+00:00","article_modified_time":"2022-02-20T15:24:29+00:00","og_image":[{"width":1494,"height":955,"url":"https:\/\/guepardonline.fr\/wp-content\/uploads\/2022\/02\/ClassicValDeNuit-00-1.jpg","type":"image\/jpeg"}],"author":"Thierry Levalleux","twitter_card":"summary_large_image","twitter_misc":{"\u00c9crit par":"Thierry Levalleux","Dur\u00e9e de lecture estim\u00e9e":"3 minutes"},"schema":{"@context":"https:\/\/schema.org","@graph":[{"@type":"WebPage","@id":"https:\/\/guepardonline.fr\/wp\/gazette-2022-3eme-rallye-classic-val-de-nuit-12-fevrier\/","url":"https:\/\/guepardonline.fr\/wp\/gazette-2022-3eme-rallye-classic-val-de-nuit-12-fevrier\/","name":"Gazette 2022 - 3\u00e8me rallye Classic Val de Nuit - 12 F\u00e9vrier - Ecurie Gu\u00e9pard","isPartOf":{"@id":"https:\/\/guepardonline.fr\/wp\/#website"},"primaryImageOfPage":{"@id":"https:\/\/guepardonline.fr\/wp\/gazette-2022-3eme-rallye-classic-val-de-nuit-12-fevrier\/#primaryimage"},"image":{"@id":"https:\/\/guepardonline.fr\/wp\/gazette-2022-3eme-rallye-classic-val-de-nuit-12-fevrier\/#primaryimage"},"thumbnailUrl":"https:\/\/guepardonline.fr\/wp-content\/uploads\/2022\/02\/ClassicValDeNuit-00-1.jpg","datePublished":"2022-02-20T15:18:24+00:00","dateModified":"2022-02-20T15:24:29+00:00","author":{"@id":"https:\/\/guepardonline.fr\/wp\/#\/schema\/person\/e350d0fe0be16d31095c37507064dad8"},"breadcrumb":{"@id":"https:\/\/guepardonline.fr\/wp\/gazette-2022-3eme-rallye-classic-val-de-nuit-12-fevrier\/#breadcrumb"},"inLanguage":"fr-FR","potentialAction":[{"@type":"ReadAction","target":["https:\/\/guepardonline.fr\/wp\/gazette-2022-3eme-rallye-classic-val-de-nuit-12-fevrier\/"]}]},{"@type":"ImageObject","inLanguage":"fr-FR","@id":"https:\/\/guepardonline.fr\/wp\/gazette-2022-3eme-rallye-classic-val-de-nuit-12-fevrier\/#primaryimage","url":"https:\/\/guepardonline.fr\/wp-content\/uploads\/2022\/02\/ClassicValDeNuit-00-1.jpg","contentUrl":"https:\/\/guepardonline.fr\/wp-content\/uploads\/2022\/02\/ClassicValDeNuit-00-1.jpg","width":1494,"height":955,"caption":"3\u00e8me Classic Val de Nuit - 12 F\u00e9vrier 2022"},{"@type":"BreadcrumbList","@id":"https:\/\/guepardonline.fr\/wp\/gazette-2022-3eme-rallye-classic-val-de-nuit-12-fevrier\/#breadcrumb","itemListElement":[{"@type":"ListItem","position":1,"name":"Accueil","item":"https:\/\/guepardonline.fr\/wp\/"},{"@type":"ListItem","position":2,"name":"Gazette 2022 &#8211; 3\u00e8me rallye Classic Val de Nuit &#8211; 12 F\u00e9vrier"}]},{"@type":"WebSite","@id":"https:\/\/guepardonline.fr\/wp\/#website","url":"https:\/\/guepardonline.fr\/wp\/","name":"Ecurie Gu\u00e9pard","description":"L&#039;actualit\u00e9 de l&#039;association sportive automobile Ecurie Gu\u00e9pard","potentialAction":[{"@type":"SearchAction","target":{"@type":"EntryPoint","urlTemplate":"https:\/\/guepardonline.fr\/wp\/?s={search_term_string}"},"query-input":{"@type":"PropertyValueSpecification","valueRequired":true,"valueName":"search_term_string"}}],"inLanguage":"fr-FR"},{"@type":"Person","@id":"https:\/\/guepardonline.fr\/wp\/#\/schema\/person\/e350d0fe0be16d31095c37507064dad8","name":"Thierry Levalleux","image":{"@type":"ImageObject","inLanguage":"fr-FR","@id":"https:\/\/guepardonline.fr\/wp\/#\/schema\/person\/image\/","url":"https:\/\/secure.gravatar.com\/avatar\/06b7c568a490ab8c3dd22b022519b89f03c59ce78bb93fa2aa32badba49f30b8?s=96&d=mm&r=g","contentUrl":"https:\/\/secure.gravatar.com\/avatar\/06b7c568a490ab8c3dd22b022519b89f03c59ce78bb93fa2aa32badba49f30b8?s=96&d=mm&r=g","caption":"Thierry Levalleux"},"url":"https:\/\/guepardonline.fr\/wp\/author\/thierry\/"}]}},"_links":{"self":[{"href":"https:\/\/guepardonline.fr\/wp\/wp-json\/wp\/v2\/posts\/601","targetHints":{"allow":["GET"]}}],"collection":[{"href":"https:\/\/guepardonline.fr\/wp\/wp-json\/wp\/v2\/posts"}],"about":[{"href":"https:\/\/guepardonline.fr\/wp\/wp-json\/wp\/v2\/types\/post"}],"author":[{"embeddable":true,"href":"https:\/\/guepardonline.fr\/wp\/wp-json\/wp\/v2\/users\/2"}],"replies":[{"embeddable":true,"href":"https:\/\/guepardonline.fr\/wp\/wp-json\/wp\/v2\/comments?post=601"}],"version-history":[{"count":8,"href":"https:\/\/guepardonline.fr\/wp\/wp-json\/wp\/v2\/posts\/601\/revisions"}],"predecessor-version":[{"id":618,"href":"https:\/\/guepardonline.fr\/wp\/wp-json\/wp\/v2\/posts\/601\/revisions\/618"}],"wp:featuredmedia":[{"embeddable":true,"href":"https:\/\/guepardonline.fr\/wp\/wp-json\/wp\/v2\/media\/607"}],"wp:attachment":[{"href":"https:\/\/guepardonline.fr\/wp\/wp-json\/wp\/v2\/media?parent=601"}],"wp:term":[{"taxonomy":"category","embeddable":true,"href":"https:\/\/guepardonline.fr\/wp\/wp-json\/wp\/v2\/categories?post=601"},{"taxonomy":"post_tag","embeddable":true,"href":"https:\/\/guepardonline.fr\/wp\/wp-json\/wp\/v2\/tags?post=601"}],"curies":[{"name":"wp","href":"https:\/\/api.w.org\/{rel}","templated":true}]}}