{"id":301,"date":"2020-09-01T12:18:00","date_gmt":"2020-09-01T12:18:00","guid":{"rendered":"https:\/\/guepardonline.fr\/wp\/?p=301"},"modified":"2021-05-28T07:12:34","modified_gmt":"2021-05-28T07:12:34","slug":"gazette-2020-n3","status":"publish","type":"post","link":"https:\/\/guepardonline.fr\/wp\/gazette-2020-n3\/","title":{"rendered":"Gazette 2020 N\u00b03"},"content":{"rendered":"\n<h2 class=\"wp-block-heading\">SOMMAIRE<\/h2>\n\n\n\n<p><strong>8\u00e8me Ronde de Chambrille Touristique<\/strong>, avec <strong>Francis PLANCHE<\/strong>, <strong>Catherine NOGIER<\/strong>, <strong>Alain BRAULT<\/strong>, <strong>Jo\u00ebl MAQUET<\/strong>, <strong>Michel LABORIE<\/strong>, <strong>Cyril GUILLOUX<\/strong>, <strong>Jacques PHELIPPEAU<\/strong>, <strong>Thierry COLTIN<\/strong>, <strong>Jean GUEZENNEC<\/strong> et <strong>Fran\u00e7ois DUFOSSE<\/strong><\/p>\n\n\n\n<p><strong>Comptes Rendus<\/strong><\/p>\n\n\n\n<p><strong>8\u00e8me Ronde de Chambrille Touristique (30 Ao\u00fbt 2020)<\/strong><\/p>\n\n\n\n<p>Le r\u00e9sum\u00e9 de <strong>Jean GUEZENNEC<\/strong> et <strong>Fran\u00e7ois DUFOSSE<\/strong>\u00a0\u00bb :<br><br>\u00ab\u00a0<em>Quelle reprise&nbsp;!<\/em> <em>La \u00ab\u00a0petite randonn\u00e9e dominicale\u00a0\u00bb a tenu toutes ses promesses, et m\u00eame le temps, annonc\u00e9 comme tr\u00e8s mitig\u00e9, s\u2019y est mis. 65 autos en tout, un joli succ\u00e8s&nbsp;!<\/em><\/p>\n\n\n\n<div class=\"wp-block-image\"><figure class=\"aligncenter size-large\"><img fetchpriority=\"high\" decoding=\"async\" width=\"450\" height=\"338\" src=\"https:\/\/guepardonline.fr\/wp-content\/uploads\/2021\/05\/RondeChambrille_Briefing.jpeg\" alt=\"\" class=\"wp-image-304\" title=\"8\u00e8me Ronde de Chambrille Touristique\" srcset=\"https:\/\/guepardonline.fr\/wp-content\/uploads\/2021\/05\/RondeChambrille_Briefing.jpeg 450w, https:\/\/guepardonline.fr\/wp-content\/uploads\/2021\/05\/RondeChambrille_Briefing-300x225.jpeg 300w\" sizes=\"(max-width: 450px) 100vw, 450px\" \/><\/figure><\/div>\n\n\n\n<p><em>Quel bonheur de revoir nos potes, <strong>Jacques PHELIPPEAU<\/strong> et <strong>Thierry COLTIN<\/strong> c\u00f4t\u00e9 organisation, les quatre (!) autres&nbsp; \u00e9quipages GUEPARD au d\u00e9part, et les autres habitu\u00e9s. Ca a \u00e9t\u00e9&nbsp; l\u2019occasion de commenter ces longs mois d\u2019attente\u2026<\/em><\/p>\n\n\n\n<p><em>Avec les r\u00e8gles du parcours \u00e0 effectuer, les consignes li\u00e9es au Covid ont \u00e9t\u00e9 soigneusement rappel\u00e9es au briefing, et chacun a essay\u00e9 de s\u2019y conformer au mieux. Un sacr\u00e9 boulot suppl\u00e9mentaire pour les organisateurs&nbsp;!<\/em><\/p>\n\n\n\n<p><em>Et quel parcours\u2026 S\u00e9lectif \u00e0 souhait, bien muscl\u00e9 en EXPERT, o\u00f9 notre nouvel \u00e9quipage GUEPARD, <strong>Francis PLANCHE<\/strong> et <strong>Catherine NOGIER<\/strong> ont excell\u00e9, comme il y a deux ans. Ils sont les seuls \u00e0 passer \u00e0 z\u00e9ro CP il me semble. De notre c\u00f4t\u00e9, on en prend trois, (trois faux&nbsp;!) ce qui nous aurait tout de m\u00eame mis sur le podium si un classement avait \u00e9t\u00e9 \u00e9tabli.<\/em><\/p>\n\n\n\n<figure class=\"wp-block-image\"><img decoding=\"async\" src=\"http:\/\/guepardonline.fr\/images\/gazettes\/2020\/RondeChambrille_D\u00e9part_des_MG.jpeg\" alt=\"8\u00e8me Ronde de Chambrille Touristique\" title=\"8\u00e8me Ronde de Chambrille Touristique\"\/><\/figure>\n\n\n\n<div class=\"wp-block-image\"><figure class=\"aligncenter size-large\"><img decoding=\"async\" width=\"450\" height=\"370\" src=\"https:\/\/guepardonline.fr\/wp-content\/uploads\/2021\/05\/RondeChambrille_De\u0301part_des_MG.jpeg\" alt=\"\" class=\"wp-image-303\" srcset=\"https:\/\/guepardonline.fr\/wp-content\/uploads\/2021\/05\/RondeChambrille_De\u0301part_des_MG.jpeg 450w, https:\/\/guepardonline.fr\/wp-content\/uploads\/2021\/05\/RondeChambrille_De\u0301part_des_MG-300x247.jpeg 300w\" sizes=\"(max-width: 450px) 100vw, 450px\" \/><\/figure><\/div>\n\n\n\n<p><em>Le premier a \u00e9t\u00e9 pris par inadvertance, on a bien vu qu\u2019on n\u2019avait pas pris la travers\u00e9e de village par le bon bout, et en revenant vers l\u2019entr\u00e9e, on est pass\u00e9s devant un CP \u00ab\u00a0qui trainait par l\u00e0\u00a0\u00bb, on l\u2019a not\u00e9\u2026 il \u00e9tait pour les DECOUVERTE, nous aurions du remonter plus haut&nbsp;!<\/em><\/p>\n\n\n\n<p><em>Une petite erreur de tra\u00e7age pour Fran\u00e7ois, une confusion entre \u00ab\u00a0fl\u00e9ch\u00e9 partiel\u00a0\u00bb et \u00ab\u00a0fl\u00e9ch\u00e9 droit\u00a0\u00bb pour moi, rien \u00e0 redire\u2026 On s\u2019est r\u00e9gal\u00e9s sur ces petites routes, avec des travers\u00e9es de villages improbables, nous sommes m\u00eame pass\u00e9s par un portail grand ouvert, avec un gros doute, mais c\u2019\u00e9tait bien \u00e7a&nbsp;!<\/em><\/p>\n\n\n\n<p><em>Les riverains ont d\u2019ailleurs appr\u00e9ci\u00e9 autant que nous cette \u00ab\u00a0reprise d\u2019activit\u00e9s\u00a0\u00bb apportant un peu de distraction apr\u00e8s cette p\u00e9riode, on n\u2019a vu que des sourires, des mines r\u00e9jouies, des gestes d\u2019encouragement, \u00e7a fait plaisir&nbsp;!<\/em><\/p>\n\n\n\n<div class=\"wp-block-image\"><figure class=\"aligncenter size-large\"><img decoding=\"async\" width=\"450\" height=\"543\" src=\"https:\/\/guepardonline.fr\/wp-content\/uploads\/2021\/05\/RondeChambrille_Parc.jpeg\" alt=\"\" class=\"wp-image-302\" title=\"8\u00e8me Ronde de Chambrille Touristique\" srcset=\"https:\/\/guepardonline.fr\/wp-content\/uploads\/2021\/05\/RondeChambrille_Parc.jpeg 450w, https:\/\/guepardonline.fr\/wp-content\/uploads\/2021\/05\/RondeChambrille_Parc-249x300.jpeg 249w\" sizes=\"(max-width: 450px) 100vw, 450px\" \/><\/figure><\/div>\n\n\n\n<p><em><strong>Patrick GUILLON<\/strong> et <strong>Dan HOURY<\/strong> ont bien march\u00e9 aussi, un classement les aurait plac\u00e9s dans le top 5. Je n\u2019ai pas le d\u00e9tail complet, mais <strong>Alain BRAULT<\/strong> et Jo\u00ebl MAQUET suivent un peu plus loin, comme <strong>Michel LABORIE<\/strong> et <strong>Cyrille GUILLOUX<\/strong>, qui se r\u00f4de dans ce r\u00f4le de copi.<\/em><\/p>\n\n\n\n<p><em>Un tr\u00e8s grand merci \u00e0 Jacques et \u00e0 sa petite \u00e9quipe pour nous avoir concoct\u00e9 ce beau dimanche&nbsp;!<\/em>\u00ab\u00a0<br><\/p>\n\n\n\n<p><strong>A Venir<\/strong><\/p>\n\n\n\n<p>Le programme \u00e0 venir de <strong>Patrick GUILLON<\/strong> :<\/p>\n\n\n\n<ul class=\"wp-block-list\"><li><strong>Routes du Jura<\/strong> (THRF), 5 et 6 septembre<\/li><li><strong>Rallye de Printemps du HRP<\/strong>, 12 septembre<\/li><li><strong>Journ\u00e9e Alpine \u00e0 Linas Monthl\u00e9ry<\/strong> le 24 octobre<\/li><li><strong>Rallye de la C\u00f4te d\u2019Opale<\/strong> 13-14 et 15 novembre<\/li><li><strong>Routes du Vexin<\/strong>, 28 et 29 novembre<\/li><\/ul>\n\n\n\n<p><strong>12\u00e8mes ROUTES DU VEXIN CLASSIC (28 et 29 Novembre 2020)<\/strong><\/p>\n\n\n\n<p>Vous le savez maintenant, comme bon nombre d&rsquo;organisations, les Routes du Vexin 2020 ont \u00e9t\u00e9 report\u00e9es en fin d&rsquo;ann\u00e9e, pr\u00e9cis\u00e9ment aux 28 et 29 Novembre 2020.<\/p>\n\n\n\n<p>Fid\u00e8les membres ou sympathisants de l&rsquo;\u00e9curie GU\u00c9PARD, nous aurons besoin de vous en Novembre comme tous les ans au mois de Mai. Si vous disposez de l\u2019une ou des deux journ\u00e9es pour rejoindre le staff organisateurs, faites le savoir&nbsp;!<\/p>\n","protected":false},"excerpt":{"rendered":"<p>SOMMAIRE 8\u00e8me Ronde de Chambrille Touristique, avec Francis PLANCHE, Catherine NOGIER, Alain BRAULT, Jo\u00ebl MAQUET, Michel LABORIE, Cyril GUILLOUX, Jacques PHELIPPEAU, Thierry COLTIN, Jean GUEZENNEC &hellip; <\/p>\n","protected":false},"author":1,"featured_media":303,"comment_status":"open","ping_status":"open","sticky":false,"template":"","format":"standard","meta":{"footnotes":""},"categories":[2],"tags":[],"class_list":["post-301","post","type-post","status-publish","format-standard","has-post-thumbnail","hentry","category-gazette-2020"],"yoast_head":"<!-- This site is optimized with the Yoast SEO plugin v26.5 - https:\/\/yoast.com\/wordpress\/plugins\/seo\/ -->\n<title>Gazette 2020 N\u00b03 - Ecurie Gu\u00e9pard<\/title>\n<meta name=\"robots\" content=\"index, follow, max-snippet:-1, max-image-preview:large, max-video-preview:-1\" \/>\n<link rel=\"canonical\" href=\"https:\/\/guepardonline.fr\/wp\/gazette-2020-n3\/\" \/>\n<meta property=\"og:locale\" content=\"fr_FR\" \/>\n<meta property=\"og:type\" content=\"article\" \/>\n<meta property=\"og:title\" content=\"Gazette 2020 N\u00b03 - Ecurie Gu\u00e9pard\" \/>\n<meta property=\"og:description\" content=\"SOMMAIRE 8\u00e8me Ronde de Chambrille Touristique, avec Francis PLANCHE, Catherine NOGIER, Alain BRAULT, Jo\u00ebl MAQUET, Michel LABORIE, Cyril GUILLOUX, Jacques PHELIPPEAU, Thierry COLTIN, Jean GUEZENNEC &hellip;\" \/>\n<meta property=\"og:url\" content=\"https:\/\/guepardonline.fr\/wp\/gazette-2020-n3\/\" \/>\n<meta property=\"og:site_name\" content=\"Ecurie Gu\u00e9pard\" \/>\n<meta property=\"article:published_time\" content=\"2020-09-01T12:18:00+00:00\" \/>\n<meta property=\"article:modified_time\" content=\"2021-05-28T07:12:34+00:00\" \/>\n<meta property=\"og:image\" content=\"https:\/\/guepardonline.fr\/wp-content\/uploads\/2021\/05\/RondeChambrille_De\u0301part_des_MG.jpeg\" \/>\n\t<meta property=\"og:image:width\" content=\"450\" \/>\n\t<meta property=\"og:image:height\" content=\"370\" \/>\n\t<meta property=\"og:image:type\" content=\"image\/jpeg\" \/>\n<meta name=\"author\" content=\"webmestre\" \/>\n<meta name=\"twitter:card\" content=\"summary_large_image\" \/>\n<meta name=\"twitter:label1\" content=\"\u00c9crit par\" \/>\n\t<meta name=\"twitter:data1\" content=\"webmestre\" \/>\n\t<meta name=\"twitter:label2\" content=\"Dur\u00e9e de lecture estim\u00e9e\" \/>\n\t<meta name=\"twitter:data2\" content=\"3 minutes\" \/>\n<script type=\"application\/ld+json\" class=\"yoast-schema-graph\">{\"@context\":\"https:\/\/schema.org\",\"@graph\":[{\"@type\":\"WebPage\",\"@id\":\"https:\/\/guepardonline.fr\/wp\/gazette-2020-n3\/\",\"url\":\"https:\/\/guepardonline.fr\/wp\/gazette-2020-n3\/\",\"name\":\"Gazette 2020 N\u00b03 - Ecurie Gu\u00e9pard\",\"isPartOf\":{\"@id\":\"https:\/\/guepardonline.fr\/wp\/#website\"},\"primaryImageOfPage\":{\"@id\":\"https:\/\/guepardonline.fr\/wp\/gazette-2020-n3\/#primaryimage\"},\"image\":{\"@id\":\"https:\/\/guepardonline.fr\/wp\/gazette-2020-n3\/#primaryimage\"},\"thumbnailUrl\":\"https:\/\/guepardonline.fr\/wp-content\/uploads\/2021\/05\/RondeChambrille_De\u0301part_des_MG.jpeg\",\"datePublished\":\"2020-09-01T12:18:00+00:00\",\"dateModified\":\"2021-05-28T07:12:34+00:00\",\"author\":{\"@id\":\"https:\/\/guepardonline.fr\/wp\/#\/schema\/person\/3f8eec3432beca3673eff41bab1162b1\"},\"breadcrumb\":{\"@id\":\"https:\/\/guepardonline.fr\/wp\/gazette-2020-n3\/#breadcrumb\"},\"inLanguage\":\"fr-FR\",\"potentialAction\":[{\"@type\":\"ReadAction\",\"target\":[\"https:\/\/guepardonline.fr\/wp\/gazette-2020-n3\/\"]}]},{\"@type\":\"ImageObject\",\"inLanguage\":\"fr-FR\",\"@id\":\"https:\/\/guepardonline.fr\/wp\/gazette-2020-n3\/#primaryimage\",\"url\":\"https:\/\/guepardonline.fr\/wp-content\/uploads\/2021\/05\/RondeChambrille_De\u0301part_des_MG.jpeg\",\"contentUrl\":\"https:\/\/guepardonline.fr\/wp-content\/uploads\/2021\/05\/RondeChambrille_De\u0301part_des_MG.jpeg\",\"width\":450,\"height\":370},{\"@type\":\"BreadcrumbList\",\"@id\":\"https:\/\/guepardonline.fr\/wp\/gazette-2020-n3\/#breadcrumb\",\"itemListElement\":[{\"@type\":\"ListItem\",\"position\":1,\"name\":\"Accueil\",\"item\":\"https:\/\/guepardonline.fr\/wp\/\"},{\"@type\":\"ListItem\",\"position\":2,\"name\":\"Gazette 2020 N\u00b03\"}]},{\"@type\":\"WebSite\",\"@id\":\"https:\/\/guepardonline.fr\/wp\/#website\",\"url\":\"https:\/\/guepardonline.fr\/wp\/\",\"name\":\"Ecurie Gu\u00e9pard\",\"description\":\"L&#039;actualit\u00e9 de l&#039;association sportive automobile Ecurie Gu\u00e9pard\",\"potentialAction\":[{\"@type\":\"SearchAction\",\"target\":{\"@type\":\"EntryPoint\",\"urlTemplate\":\"https:\/\/guepardonline.fr\/wp\/?s={search_term_string}\"},\"query-input\":{\"@type\":\"PropertyValueSpecification\",\"valueRequired\":true,\"valueName\":\"search_term_string\"}}],\"inLanguage\":\"fr-FR\"},{\"@type\":\"Person\",\"@id\":\"https:\/\/guepardonline.fr\/wp\/#\/schema\/person\/3f8eec3432beca3673eff41bab1162b1\",\"name\":\"webmestre\",\"image\":{\"@type\":\"ImageObject\",\"inLanguage\":\"fr-FR\",\"@id\":\"https:\/\/guepardonline.fr\/wp\/#\/schema\/person\/image\/\",\"url\":\"https:\/\/secure.gravatar.com\/avatar\/3fe31648842b007c99801e8c8ef0670c635414d8f3032ac4d8b51355c756be22?s=96&d=mm&r=g\",\"contentUrl\":\"https:\/\/secure.gravatar.com\/avatar\/3fe31648842b007c99801e8c8ef0670c635414d8f3032ac4d8b51355c756be22?s=96&d=mm&r=g\",\"caption\":\"webmestre\"},\"sameAs\":[\"https:\/\/guepardonline.fr\"],\"url\":\"https:\/\/guepardonline.fr\/wp\/author\/webmestre\/\"}]}<\/script>\n<!-- \/ Yoast SEO plugin. -->","yoast_head_json":{"title":"Gazette 2020 N\u00b03 - Ecurie Gu\u00e9pard","robots":{"index":"index","follow":"follow","max-snippet":"max-snippet:-1","max-image-preview":"max-image-preview:large","max-video-preview":"max-video-preview:-1"},"canonical":"https:\/\/guepardonline.fr\/wp\/gazette-2020-n3\/","og_locale":"fr_FR","og_type":"article","og_title":"Gazette 2020 N\u00b03 - Ecurie Gu\u00e9pard","og_description":"SOMMAIRE 8\u00e8me Ronde de Chambrille Touristique, avec Francis PLANCHE, Catherine NOGIER, Alain BRAULT, Jo\u00ebl MAQUET, Michel LABORIE, Cyril GUILLOUX, Jacques PHELIPPEAU, Thierry COLTIN, Jean GUEZENNEC &hellip;","og_url":"https:\/\/guepardonline.fr\/wp\/gazette-2020-n3\/","og_site_name":"Ecurie Gu\u00e9pard","article_published_time":"2020-09-01T12:18:00+00:00","article_modified_time":"2021-05-28T07:12:34+00:00","og_image":[{"width":450,"height":370,"url":"https:\/\/guepardonline.fr\/wp-content\/uploads\/2021\/05\/RondeChambrille_De\u0301part_des_MG.jpeg","type":"image\/jpeg"}],"author":"webmestre","twitter_card":"summary_large_image","twitter_misc":{"\u00c9crit par":"webmestre","Dur\u00e9e de lecture estim\u00e9e":"3 minutes"},"schema":{"@context":"https:\/\/schema.org","@graph":[{"@type":"WebPage","@id":"https:\/\/guepardonline.fr\/wp\/gazette-2020-n3\/","url":"https:\/\/guepardonline.fr\/wp\/gazette-2020-n3\/","name":"Gazette 2020 N\u00b03 - Ecurie Gu\u00e9pard","isPartOf":{"@id":"https:\/\/guepardonline.fr\/wp\/#website"},"primaryImageOfPage":{"@id":"https:\/\/guepardonline.fr\/wp\/gazette-2020-n3\/#primaryimage"},"image":{"@id":"https:\/\/guepardonline.fr\/wp\/gazette-2020-n3\/#primaryimage"},"thumbnailUrl":"https:\/\/guepardonline.fr\/wp-content\/uploads\/2021\/05\/RondeChambrille_De\u0301part_des_MG.jpeg","datePublished":"2020-09-01T12:18:00+00:00","dateModified":"2021-05-28T07:12:34+00:00","author":{"@id":"https:\/\/guepardonline.fr\/wp\/#\/schema\/person\/3f8eec3432beca3673eff41bab1162b1"},"breadcrumb":{"@id":"https:\/\/guepardonline.fr\/wp\/gazette-2020-n3\/#breadcrumb"},"inLanguage":"fr-FR","potentialAction":[{"@type":"ReadAction","target":["https:\/\/guepardonline.fr\/wp\/gazette-2020-n3\/"]}]},{"@type":"ImageObject","inLanguage":"fr-FR","@id":"https:\/\/guepardonline.fr\/wp\/gazette-2020-n3\/#primaryimage","url":"https:\/\/guepardonline.fr\/wp-content\/uploads\/2021\/05\/RondeChambrille_De\u0301part_des_MG.jpeg","contentUrl":"https:\/\/guepardonline.fr\/wp-content\/uploads\/2021\/05\/RondeChambrille_De\u0301part_des_MG.jpeg","width":450,"height":370},{"@type":"BreadcrumbList","@id":"https:\/\/guepardonline.fr\/wp\/gazette-2020-n3\/#breadcrumb","itemListElement":[{"@type":"ListItem","position":1,"name":"Accueil","item":"https:\/\/guepardonline.fr\/wp\/"},{"@type":"ListItem","position":2,"name":"Gazette 2020 N\u00b03"}]},{"@type":"WebSite","@id":"https:\/\/guepardonline.fr\/wp\/#website","url":"https:\/\/guepardonline.fr\/wp\/","name":"Ecurie Gu\u00e9pard","description":"L&#039;actualit\u00e9 de l&#039;association sportive automobile Ecurie Gu\u00e9pard","potentialAction":[{"@type":"SearchAction","target":{"@type":"EntryPoint","urlTemplate":"https:\/\/guepardonline.fr\/wp\/?s={search_term_string}"},"query-input":{"@type":"PropertyValueSpecification","valueRequired":true,"valueName":"search_term_string"}}],"inLanguage":"fr-FR"},{"@type":"Person","@id":"https:\/\/guepardonline.fr\/wp\/#\/schema\/person\/3f8eec3432beca3673eff41bab1162b1","name":"webmestre","image":{"@type":"ImageObject","inLanguage":"fr-FR","@id":"https:\/\/guepardonline.fr\/wp\/#\/schema\/person\/image\/","url":"https:\/\/secure.gravatar.com\/avatar\/3fe31648842b007c99801e8c8ef0670c635414d8f3032ac4d8b51355c756be22?s=96&d=mm&r=g","contentUrl":"https:\/\/secure.gravatar.com\/avatar\/3fe31648842b007c99801e8c8ef0670c635414d8f3032ac4d8b51355c756be22?s=96&d=mm&r=g","caption":"webmestre"},"sameAs":["https:\/\/guepardonline.fr"],"url":"https:\/\/guepardonline.fr\/wp\/author\/webmestre\/"}]}},"_links":{"self":[{"href":"https:\/\/guepardonline.fr\/wp\/wp-json\/wp\/v2\/posts\/301","targetHints":{"allow":["GET"]}}],"collection":[{"href":"https:\/\/guepardonline.fr\/wp\/wp-json\/wp\/v2\/posts"}],"about":[{"href":"https:\/\/guepardonline.fr\/wp\/wp-json\/wp\/v2\/types\/post"}],"author":[{"embeddable":true,"href":"https:\/\/guepardonline.fr\/wp\/wp-json\/wp\/v2\/users\/1"}],"replies":[{"embeddable":true,"href":"https:\/\/guepardonline.fr\/wp\/wp-json\/wp\/v2\/comments?post=301"}],"version-history":[{"count":2,"href":"https:\/\/guepardonline.fr\/wp\/wp-json\/wp\/v2\/posts\/301\/revisions"}],"predecessor-version":[{"id":393,"href":"https:\/\/guepardonline.fr\/wp\/wp-json\/wp\/v2\/posts\/301\/revisions\/393"}],"wp:featuredmedia":[{"embeddable":true,"href":"https:\/\/guepardonline.fr\/wp\/wp-json\/wp\/v2\/media\/303"}],"wp:attachment":[{"href":"https:\/\/guepardonline.fr\/wp\/wp-json\/wp\/v2\/media?parent=301"}],"wp:term":[{"taxonomy":"category","embeddable":true,"href":"https:\/\/guepardonline.fr\/wp\/wp-json\/wp\/v2\/categories?post=301"},{"taxonomy":"post_tag","embeddable":true,"href":"https:\/\/guepardonline.fr\/wp\/wp-json\/wp\/v2\/tags?post=301"}],"curies":[{"name":"wp","href":"https:\/\/api.w.org\/{rel}","templated":true}]}}