{"id":1265,"date":"2024-06-03T21:37:42","date_gmt":"2024-06-03T21:37:42","guid":{"rendered":"https:\/\/guepardonline.fr\/wp\/?p=1265"},"modified":"2024-06-05T10:41:16","modified_gmt":"2024-06-05T10:41:16","slug":"sur-la-trace-des-guepards-25-mai-2024","status":"publish","type":"post","link":"https:\/\/guepardonline.fr\/wp\/sur-la-trace-des-guepards-25-mai-2024\/","title":{"rendered":"Sur la Trace des Gu\u00e9pards &#8211; 25 mai 2024"},"content":{"rendered":"\n<p>Par Jean GUEZENNEC<\/p>\n\n\n\n<p>\u00ab\u00a0C&rsquo;est fini, la manche cartographique a mis un terme au \u00ab\u00a0D\u00e9fi des Gu\u00e9pards 2024\u00a0\u00bb, apr\u00e8s \u00ab\u00a0Autour des Clochers Tors\u00a0\u00bb en juin. Vainqueurs en terres Poitevines et 4\u00e8mes ici, des fid\u00e8les parmi les fid\u00e8les de nos organisations, Franck et Anne-Marie LESBROUSSART s&rsquo;imposent en CONFIRMES, alors de G\u00e9rard et C\u00e9dric LE CAM, en remportant en DECOUVERTE les deux manches, n&rsquo;ont gu\u00e8re laiss\u00e9 planer de doutes dans cette cat\u00e9gorie\u2026<\/p>\n\n\n<div class=\"wp-block-image\">\n<figure class=\"aligncenter size-full\"><img fetchpriority=\"high\" decoding=\"async\" width=\"800\" height=\"533\" src=\"https:\/\/guepardonline.fr\/wp-content\/uploads\/2024\/06\/austin-healey-3000.jpg\" alt=\"AUSTIN Healey 3000 - Franck et Anne-Marie LESBROUSSART\" class=\"wp-image-1270\" srcset=\"https:\/\/guepardonline.fr\/wp-content\/uploads\/2024\/06\/austin-healey-3000.jpg 800w, https:\/\/guepardonline.fr\/wp-content\/uploads\/2024\/06\/austin-healey-3000-300x200.jpg 300w, https:\/\/guepardonline.fr\/wp-content\/uploads\/2024\/06\/austin-healey-3000-768x512.jpg 768w, https:\/\/guepardonline.fr\/wp-content\/uploads\/2024\/06\/austin-healey-3000-700x465.jpg 700w\" sizes=\"(max-width: 800px) 100vw, 800px\" \/><figcaption class=\"wp-element-caption\">AUSTIN Healey 3000 &#8211; Franck et Anne-Marie LESBROUSSART<\/figcaption><\/figure>\n<\/div>\n\n<div class=\"wp-block-image\">\n<figure class=\"aligncenter size-full\"><img decoding=\"async\" width=\"800\" height=\"533\" src=\"https:\/\/guepardonline.fr\/wp-content\/uploads\/2024\/06\/simca-rallye-2.jpg\" alt=\"SIMCA Rallye II - G\u00e9rard &amp; C\u00e9dric LE CAM\" class=\"wp-image-1274\" srcset=\"https:\/\/guepardonline.fr\/wp-content\/uploads\/2024\/06\/simca-rallye-2.jpg 800w, https:\/\/guepardonline.fr\/wp-content\/uploads\/2024\/06\/simca-rallye-2-300x200.jpg 300w, https:\/\/guepardonline.fr\/wp-content\/uploads\/2024\/06\/simca-rallye-2-768x512.jpg 768w, https:\/\/guepardonline.fr\/wp-content\/uploads\/2024\/06\/simca-rallye-2-700x465.jpg 700w\" sizes=\"(max-width: 800px) 100vw, 800px\" \/><figcaption class=\"wp-element-caption\">SIMCA Rallye II &#8211; G\u00e9rard &amp; C\u00e9dric LE CAM<\/figcaption><\/figure>\n<\/div>\n\n\n<p>Avec plus de 40 partants lors de chacun des rendez-vous, le plein a \u00e9t\u00e9 fait, l&rsquo;absence voulue de temps impartis n&rsquo;a pas nui au suspense, gr\u00e2ce \u00e0 des parcours bien \u00e9labor\u00e9s, recelant leurs lots de pi\u00e8ges de navigation, et permettant une conduite apais\u00e9e.<\/p>\n\n\n\n<p>\u00ab\u00a0Sur la Trace des Gu\u00e9pards\u00a0\u00bb, accueilli cette ann\u00e9e dix ans apr\u00e8s une \u00e9dition des \u00ab\u00a0Routes du Vexin Classic\u00a0\u00bb, dans le sympathique village de Lormaison, au sud de l&rsquo;Oise, a \u00e9t\u00e9 fid\u00e8le \u00e0 la notion de \u00ab\u00a0difficult\u00e9s croissantes\u00a0\u00bb appliqu\u00e9e dans notre rallye d&rsquo;origine. Si les principaux favoris passaient \u00e0 z\u00e9ro dans la mise en route du matin, qui faisait pourtant d\u00e9j\u00e0 pas mal de d\u00e9g\u00e2ts derri\u00e8re, la situation allait se d\u00e9canter apr\u00e8s l&rsquo;arr\u00eat-buffet de midi !<\/p>\n\n\n<div class=\"wp-block-image\">\n<figure class=\"aligncenter size-full\"><img decoding=\"async\" width=\"800\" height=\"533\" src=\"https:\/\/guepardonline.fr\/wp-content\/uploads\/2024\/06\/alfa-romeo-bertone.jpg\" alt=\"ALFA ROMEO Bertone - Camille &amp; Maxime THIRION\" class=\"wp-image-1268\" srcset=\"https:\/\/guepardonline.fr\/wp-content\/uploads\/2024\/06\/alfa-romeo-bertone.jpg 800w, https:\/\/guepardonline.fr\/wp-content\/uploads\/2024\/06\/alfa-romeo-bertone-300x200.jpg 300w, https:\/\/guepardonline.fr\/wp-content\/uploads\/2024\/06\/alfa-romeo-bertone-768x512.jpg 768w, https:\/\/guepardonline.fr\/wp-content\/uploads\/2024\/06\/alfa-romeo-bertone-700x465.jpg 700w\" sizes=\"(max-width: 800px) 100vw, 800px\" \/><figcaption class=\"wp-element-caption\">ALFA ROMEO Bertone &#8211; Camille &amp; Maxime THIRION<\/figcaption><\/figure>\n<\/div>\n\n\n<p>En \u00ab\u00a0confirm\u00e9s\u00a0\u00bb, sur le premier secteur, avant la pause champ\u00eatre de Valdampierre, les belges Camille et Maxime THIRION (Alfa Rom\u00e9o Bertone) prenaient 3 CP, dont l&rsquo;un sur une \u00ab\u00a0muette\u00a0\u00bb, et c\u00e9daient la t\u00eate \u00e0 Francis PLANCHE et Catherine NOGIER (MGB-Gt) avec 2CP. Sur ce secteur, la surprise venait de Olivier MONSTERLEET et Thierry LEVALLEUX (205 Gti), auteurs de 5 fautes le matin, qui ne prenaient ici qu&rsquo;un seul CP !<\/p>\n\n\n\n<p>L&rsquo;ultime secteur nous a offert un retournement de situation sur le second tron\u00e7on en carte muette, parfaitement n\u00e9goci\u00e9, par l&rsquo;Alfa-Rom\u00e9o venue de Belgique, qui se repositionne en t\u00eate, la MGB-Gt s&rsquo;engageant sur le trac\u00e9 \u00ab\u00a0d\u00e9couverte\u00a0\u00bb ! Bilan : 1 CP et 0,1 point pour une erreur de 100m sur l&rsquo;\u00e9preuve de relev\u00e9 kilom\u00e9trique. C&rsquo;est donc avec cet \u00e9cart infime que Camille et Maxime THIRION remportent \u00ab\u00a0Sur la Trace des Gu\u00e9pards 2024\u00a0\u00bb, devant Francis PLANCHE et Catherine NOGIER.<\/p>\n\n\n<div class=\"wp-block-image\">\n<figure class=\"aligncenter size-full\"><img loading=\"lazy\" decoding=\"async\" width=\"800\" height=\"533\" src=\"https:\/\/guepardonline.fr\/wp-content\/uploads\/2024\/06\/mgb-gt.jpg\" alt=\"MGB-GT - Francis PLANCHE &amp; Catherine NOGIER\" class=\"wp-image-1272\" srcset=\"https:\/\/guepardonline.fr\/wp-content\/uploads\/2024\/06\/mgb-gt.jpg 800w, https:\/\/guepardonline.fr\/wp-content\/uploads\/2024\/06\/mgb-gt-300x200.jpg 300w, https:\/\/guepardonline.fr\/wp-content\/uploads\/2024\/06\/mgb-gt-768x512.jpg 768w, https:\/\/guepardonline.fr\/wp-content\/uploads\/2024\/06\/mgb-gt-700x465.jpg 700w\" sizes=\"(max-width: 800px) 100vw, 800px\" \/><figcaption class=\"wp-element-caption\">MGB-GT &#8211; Francis PLANCHE &amp; Catherine NOGIER<\/figcaption><\/figure>\n<\/div>\n\n\n<p>Toujours r\u00e9guliers et \u00e0 l&rsquo;affut de la moindre erreur des deux premiers, Franck et Anne-Marie LESBROUSSART (Austin Healey 3000) terminent sur la troisi\u00e8me marche du podium, que St\u00e9phane GASCOIN et Benoit LEGENNE ratent de peu.<\/p>\n\n\n\n<p>En \u00ab\u00a0d\u00e9couverte\u00a0\u00bb, discipline plus accessible, trois \u00e9quipages passaient l&rsquo;\u00e9tape 1 \u00e0 z\u00e9ro. Seuls deux d&rsquo;entre eux r\u00e9ussiront \u00e0 renouveler ce r\u00e9sultat l&rsquo;apr\u00e8s-midi et \u00e0 rendre des carnets de bord vierges de toute p\u00e9nalisation ! C&rsquo;est comme pr\u00e9cis\u00e9 par le r\u00e8glement, au b\u00e9n\u00e9fice de l&rsquo;\u00e2ge plus ancien de leur auto que G\u00e9rard et C\u00e9dric LE CAM (Rallye 2 de 1977) s&rsquo;imposent devant la Porsche 911 Targa de 1982 de Christophe BERTELOOT et Chlo\u00e9 VENBELLE (13 ans !).<\/p>\n\n\n<div class=\"wp-block-image\">\n<figure class=\"aligncenter size-full\"><img loading=\"lazy\" decoding=\"async\" width=\"800\" height=\"533\" src=\"https:\/\/guepardonline.fr\/wp-content\/uploads\/2024\/06\/porsche-911-targa2.jpg\" alt=\"PORSCHE 911 Targa - Christophe BERTELOOT &amp; Chlo\u00e9 VENBELLE\" class=\"wp-image-1285\" srcset=\"https:\/\/guepardonline.fr\/wp-content\/uploads\/2024\/06\/porsche-911-targa2.jpg 800w, https:\/\/guepardonline.fr\/wp-content\/uploads\/2024\/06\/porsche-911-targa2-300x200.jpg 300w, https:\/\/guepardonline.fr\/wp-content\/uploads\/2024\/06\/porsche-911-targa2-768x512.jpg 768w, https:\/\/guepardonline.fr\/wp-content\/uploads\/2024\/06\/porsche-911-targa2-700x465.jpg 700w\" sizes=\"(max-width: 800px) 100vw, 800px\" \/><figcaption class=\"wp-element-caption\">PORSCHE 911 Targa &#8211; Christophe BERTELOOT &amp; Chlo\u00e9 VENBELLE<\/figcaption><\/figure>\n<\/div>\n\n\n<p>Avec 1 CP seulement, Edouard et Louis TRANCART terminent troisi\u00e8mes, sur leur belle Alpine 1600 S \u2026 de 1971.<\/p>\n\n\n<div class=\"wp-block-image\">\n<figure class=\"aligncenter size-full\"><img loading=\"lazy\" decoding=\"async\" width=\"800\" height=\"533\" src=\"https:\/\/guepardonline.fr\/wp-content\/uploads\/2024\/06\/alpine-a110-1600-s.jpg\" alt=\"ALPINE A110 1600 S - Edouard &amp; Louis TRANCART\" class=\"wp-image-1269\" srcset=\"https:\/\/guepardonline.fr\/wp-content\/uploads\/2024\/06\/alpine-a110-1600-s.jpg 800w, https:\/\/guepardonline.fr\/wp-content\/uploads\/2024\/06\/alpine-a110-1600-s-300x200.jpg 300w, https:\/\/guepardonline.fr\/wp-content\/uploads\/2024\/06\/alpine-a110-1600-s-768x512.jpg 768w, https:\/\/guepardonline.fr\/wp-content\/uploads\/2024\/06\/alpine-a110-1600-s-700x465.jpg 700w\" sizes=\"(max-width: 800px) 100vw, 800px\" \/><figcaption class=\"wp-element-caption\">ALPINE A110 1600 S &#8211; Edouard &amp; Louis TRANCART<\/figcaption><\/figure>\n<\/div>\n\n\n<p>Le succ\u00e8s de ces deux manifestation devrait inciter l&rsquo;\u00e9curie GUEPARD \u00e0 proposer en 2025 une troisi\u00e8me \u00e9dition de leur DEFI\u2026\u00a0\u00bb<\/p>\n","protected":false},"excerpt":{"rendered":"<p>Par Jean GUEZENNEC \u00ab\u00a0C&rsquo;est fini, la manche cartographique a mis un terme au \u00ab\u00a0D\u00e9fi des Gu\u00e9pards 2024\u00a0\u00bb, apr\u00e8s \u00ab\u00a0Autour des Clochers Tors\u00a0\u00bb en juin. Vainqueurs &hellip; <\/p>\n","protected":false},"author":2,"featured_media":1267,"comment_status":"open","ping_status":"open","sticky":false,"template":"","format":"standard","meta":{"footnotes":""},"categories":[30],"tags":[],"class_list":["post-1265","post","type-post","status-publish","format-standard","has-post-thumbnail","hentry","category-gazettes-2024"],"yoast_head":"<!-- This site is optimized with the Yoast SEO plugin v26.5 - https:\/\/yoast.com\/wordpress\/plugins\/seo\/ -->\n<title>Sur la Trace des Gu\u00e9pards - 25 mai 2024 - Ecurie Gu\u00e9pard<\/title>\n<meta name=\"robots\" content=\"index, follow, max-snippet:-1, max-image-preview:large, max-video-preview:-1\" \/>\n<link rel=\"canonical\" href=\"https:\/\/guepardonline.fr\/wp\/sur-la-trace-des-guepards-25-mai-2024\/\" \/>\n<meta property=\"og:locale\" content=\"fr_FR\" \/>\n<meta property=\"og:type\" content=\"article\" \/>\n<meta property=\"og:title\" content=\"Sur la Trace des Gu\u00e9pards - 25 mai 2024 - Ecurie Gu\u00e9pard\" \/>\n<meta property=\"og:description\" content=\"Par Jean GUEZENNEC \u00ab\u00a0C&rsquo;est fini, la manche cartographique a mis un terme au \u00ab\u00a0D\u00e9fi des Gu\u00e9pards 2024\u00a0\u00bb, apr\u00e8s \u00ab\u00a0Autour des Clochers Tors\u00a0\u00bb en juin. Vainqueurs &hellip;\" \/>\n<meta property=\"og:url\" content=\"https:\/\/guepardonline.fr\/wp\/sur-la-trace-des-guepards-25-mai-2024\/\" \/>\n<meta property=\"og:site_name\" content=\"Ecurie Gu\u00e9pard\" \/>\n<meta property=\"article:published_time\" content=\"2024-06-03T21:37:42+00:00\" \/>\n<meta property=\"article:modified_time\" content=\"2024-06-05T10:41:16+00:00\" \/>\n<meta property=\"og:image\" content=\"https:\/\/guepardonline.fr\/wp-content\/uploads\/2024\/06\/porsche-356-at2.jpg\" \/>\n\t<meta property=\"og:image:width\" content=\"800\" \/>\n\t<meta property=\"og:image:height\" content=\"533\" \/>\n\t<meta property=\"og:image:type\" content=\"image\/jpeg\" \/>\n<meta name=\"author\" content=\"Thierry Levalleux\" \/>\n<meta name=\"twitter:card\" content=\"summary_large_image\" \/>\n<meta name=\"twitter:label1\" content=\"\u00c9crit par\" \/>\n\t<meta name=\"twitter:data1\" content=\"Thierry Levalleux\" \/>\n\t<meta name=\"twitter:label2\" content=\"Dur\u00e9e de lecture estim\u00e9e\" \/>\n\t<meta name=\"twitter:data2\" content=\"3 minutes\" \/>\n<script type=\"application\/ld+json\" class=\"yoast-schema-graph\">{\"@context\":\"https:\/\/schema.org\",\"@graph\":[{\"@type\":\"WebPage\",\"@id\":\"https:\/\/guepardonline.fr\/wp\/sur-la-trace-des-guepards-25-mai-2024\/\",\"url\":\"https:\/\/guepardonline.fr\/wp\/sur-la-trace-des-guepards-25-mai-2024\/\",\"name\":\"Sur la Trace des Gu\u00e9pards - 25 mai 2024 - Ecurie Gu\u00e9pard\",\"isPartOf\":{\"@id\":\"https:\/\/guepardonline.fr\/wp\/#website\"},\"primaryImageOfPage\":{\"@id\":\"https:\/\/guepardonline.fr\/wp\/sur-la-trace-des-guepards-25-mai-2024\/#primaryimage\"},\"image\":{\"@id\":\"https:\/\/guepardonline.fr\/wp\/sur-la-trace-des-guepards-25-mai-2024\/#primaryimage\"},\"thumbnailUrl\":\"https:\/\/guepardonline.fr\/wp-content\/uploads\/2024\/06\/porsche-356-at2.jpg\",\"datePublished\":\"2024-06-03T21:37:42+00:00\",\"dateModified\":\"2024-06-05T10:41:16+00:00\",\"author\":{\"@id\":\"https:\/\/guepardonline.fr\/wp\/#\/schema\/person\/e350d0fe0be16d31095c37507064dad8\"},\"breadcrumb\":{\"@id\":\"https:\/\/guepardonline.fr\/wp\/sur-la-trace-des-guepards-25-mai-2024\/#breadcrumb\"},\"inLanguage\":\"fr-FR\",\"potentialAction\":[{\"@type\":\"ReadAction\",\"target\":[\"https:\/\/guepardonline.fr\/wp\/sur-la-trace-des-guepards-25-mai-2024\/\"]}]},{\"@type\":\"ImageObject\",\"inLanguage\":\"fr-FR\",\"@id\":\"https:\/\/guepardonline.fr\/wp\/sur-la-trace-des-guepards-25-mai-2024\/#primaryimage\",\"url\":\"https:\/\/guepardonline.fr\/wp-content\/uploads\/2024\/06\/porsche-356-at2.jpg\",\"contentUrl\":\"https:\/\/guepardonline.fr\/wp-content\/uploads\/2024\/06\/porsche-356-at2.jpg\",\"width\":800,\"height\":533},{\"@type\":\"BreadcrumbList\",\"@id\":\"https:\/\/guepardonline.fr\/wp\/sur-la-trace-des-guepards-25-mai-2024\/#breadcrumb\",\"itemListElement\":[{\"@type\":\"ListItem\",\"position\":1,\"name\":\"Accueil\",\"item\":\"https:\/\/guepardonline.fr\/wp\/\"},{\"@type\":\"ListItem\",\"position\":2,\"name\":\"Sur la Trace des Gu\u00e9pards &#8211; 25 mai 2024\"}]},{\"@type\":\"WebSite\",\"@id\":\"https:\/\/guepardonline.fr\/wp\/#website\",\"url\":\"https:\/\/guepardonline.fr\/wp\/\",\"name\":\"Ecurie Gu\u00e9pard\",\"description\":\"L&#039;actualit\u00e9 de l&#039;association sportive automobile Ecurie Gu\u00e9pard\",\"potentialAction\":[{\"@type\":\"SearchAction\",\"target\":{\"@type\":\"EntryPoint\",\"urlTemplate\":\"https:\/\/guepardonline.fr\/wp\/?s={search_term_string}\"},\"query-input\":{\"@type\":\"PropertyValueSpecification\",\"valueRequired\":true,\"valueName\":\"search_term_string\"}}],\"inLanguage\":\"fr-FR\"},{\"@type\":\"Person\",\"@id\":\"https:\/\/guepardonline.fr\/wp\/#\/schema\/person\/e350d0fe0be16d31095c37507064dad8\",\"name\":\"Thierry Levalleux\",\"image\":{\"@type\":\"ImageObject\",\"inLanguage\":\"fr-FR\",\"@id\":\"https:\/\/guepardonline.fr\/wp\/#\/schema\/person\/image\/\",\"url\":\"https:\/\/secure.gravatar.com\/avatar\/06b7c568a490ab8c3dd22b022519b89f03c59ce78bb93fa2aa32badba49f30b8?s=96&d=mm&r=g\",\"contentUrl\":\"https:\/\/secure.gravatar.com\/avatar\/06b7c568a490ab8c3dd22b022519b89f03c59ce78bb93fa2aa32badba49f30b8?s=96&d=mm&r=g\",\"caption\":\"Thierry Levalleux\"},\"url\":\"https:\/\/guepardonline.fr\/wp\/author\/thierry\/\"}]}<\/script>\n<!-- \/ Yoast SEO plugin. -->","yoast_head_json":{"title":"Sur la Trace des Gu\u00e9pards - 25 mai 2024 - Ecurie Gu\u00e9pard","robots":{"index":"index","follow":"follow","max-snippet":"max-snippet:-1","max-image-preview":"max-image-preview:large","max-video-preview":"max-video-preview:-1"},"canonical":"https:\/\/guepardonline.fr\/wp\/sur-la-trace-des-guepards-25-mai-2024\/","og_locale":"fr_FR","og_type":"article","og_title":"Sur la Trace des Gu\u00e9pards - 25 mai 2024 - Ecurie Gu\u00e9pard","og_description":"Par Jean GUEZENNEC \u00ab\u00a0C&rsquo;est fini, la manche cartographique a mis un terme au \u00ab\u00a0D\u00e9fi des Gu\u00e9pards 2024\u00a0\u00bb, apr\u00e8s \u00ab\u00a0Autour des Clochers Tors\u00a0\u00bb en juin. Vainqueurs &hellip;","og_url":"https:\/\/guepardonline.fr\/wp\/sur-la-trace-des-guepards-25-mai-2024\/","og_site_name":"Ecurie Gu\u00e9pard","article_published_time":"2024-06-03T21:37:42+00:00","article_modified_time":"2024-06-05T10:41:16+00:00","og_image":[{"width":800,"height":533,"url":"https:\/\/guepardonline.fr\/wp-content\/uploads\/2024\/06\/porsche-356-at2.jpg","type":"image\/jpeg"}],"author":"Thierry Levalleux","twitter_card":"summary_large_image","twitter_misc":{"\u00c9crit par":"Thierry Levalleux","Dur\u00e9e de lecture estim\u00e9e":"3 minutes"},"schema":{"@context":"https:\/\/schema.org","@graph":[{"@type":"WebPage","@id":"https:\/\/guepardonline.fr\/wp\/sur-la-trace-des-guepards-25-mai-2024\/","url":"https:\/\/guepardonline.fr\/wp\/sur-la-trace-des-guepards-25-mai-2024\/","name":"Sur la Trace des Gu\u00e9pards - 25 mai 2024 - Ecurie Gu\u00e9pard","isPartOf":{"@id":"https:\/\/guepardonline.fr\/wp\/#website"},"primaryImageOfPage":{"@id":"https:\/\/guepardonline.fr\/wp\/sur-la-trace-des-guepards-25-mai-2024\/#primaryimage"},"image":{"@id":"https:\/\/guepardonline.fr\/wp\/sur-la-trace-des-guepards-25-mai-2024\/#primaryimage"},"thumbnailUrl":"https:\/\/guepardonline.fr\/wp-content\/uploads\/2024\/06\/porsche-356-at2.jpg","datePublished":"2024-06-03T21:37:42+00:00","dateModified":"2024-06-05T10:41:16+00:00","author":{"@id":"https:\/\/guepardonline.fr\/wp\/#\/schema\/person\/e350d0fe0be16d31095c37507064dad8"},"breadcrumb":{"@id":"https:\/\/guepardonline.fr\/wp\/sur-la-trace-des-guepards-25-mai-2024\/#breadcrumb"},"inLanguage":"fr-FR","potentialAction":[{"@type":"ReadAction","target":["https:\/\/guepardonline.fr\/wp\/sur-la-trace-des-guepards-25-mai-2024\/"]}]},{"@type":"ImageObject","inLanguage":"fr-FR","@id":"https:\/\/guepardonline.fr\/wp\/sur-la-trace-des-guepards-25-mai-2024\/#primaryimage","url":"https:\/\/guepardonline.fr\/wp-content\/uploads\/2024\/06\/porsche-356-at2.jpg","contentUrl":"https:\/\/guepardonline.fr\/wp-content\/uploads\/2024\/06\/porsche-356-at2.jpg","width":800,"height":533},{"@type":"BreadcrumbList","@id":"https:\/\/guepardonline.fr\/wp\/sur-la-trace-des-guepards-25-mai-2024\/#breadcrumb","itemListElement":[{"@type":"ListItem","position":1,"name":"Accueil","item":"https:\/\/guepardonline.fr\/wp\/"},{"@type":"ListItem","position":2,"name":"Sur la Trace des Gu\u00e9pards &#8211; 25 mai 2024"}]},{"@type":"WebSite","@id":"https:\/\/guepardonline.fr\/wp\/#website","url":"https:\/\/guepardonline.fr\/wp\/","name":"Ecurie Gu\u00e9pard","description":"L&#039;actualit\u00e9 de l&#039;association sportive automobile Ecurie Gu\u00e9pard","potentialAction":[{"@type":"SearchAction","target":{"@type":"EntryPoint","urlTemplate":"https:\/\/guepardonline.fr\/wp\/?s={search_term_string}"},"query-input":{"@type":"PropertyValueSpecification","valueRequired":true,"valueName":"search_term_string"}}],"inLanguage":"fr-FR"},{"@type":"Person","@id":"https:\/\/guepardonline.fr\/wp\/#\/schema\/person\/e350d0fe0be16d31095c37507064dad8","name":"Thierry Levalleux","image":{"@type":"ImageObject","inLanguage":"fr-FR","@id":"https:\/\/guepardonline.fr\/wp\/#\/schema\/person\/image\/","url":"https:\/\/secure.gravatar.com\/avatar\/06b7c568a490ab8c3dd22b022519b89f03c59ce78bb93fa2aa32badba49f30b8?s=96&d=mm&r=g","contentUrl":"https:\/\/secure.gravatar.com\/avatar\/06b7c568a490ab8c3dd22b022519b89f03c59ce78bb93fa2aa32badba49f30b8?s=96&d=mm&r=g","caption":"Thierry Levalleux"},"url":"https:\/\/guepardonline.fr\/wp\/author\/thierry\/"}]}},"_links":{"self":[{"href":"https:\/\/guepardonline.fr\/wp\/wp-json\/wp\/v2\/posts\/1265","targetHints":{"allow":["GET"]}}],"collection":[{"href":"https:\/\/guepardonline.fr\/wp\/wp-json\/wp\/v2\/posts"}],"about":[{"href":"https:\/\/guepardonline.fr\/wp\/wp-json\/wp\/v2\/types\/post"}],"author":[{"embeddable":true,"href":"https:\/\/guepardonline.fr\/wp\/wp-json\/wp\/v2\/users\/2"}],"replies":[{"embeddable":true,"href":"https:\/\/guepardonline.fr\/wp\/wp-json\/wp\/v2\/comments?post=1265"}],"version-history":[{"count":4,"href":"https:\/\/guepardonline.fr\/wp\/wp-json\/wp\/v2\/posts\/1265\/revisions"}],"predecessor-version":[{"id":1286,"href":"https:\/\/guepardonline.fr\/wp\/wp-json\/wp\/v2\/posts\/1265\/revisions\/1286"}],"wp:featuredmedia":[{"embeddable":true,"href":"https:\/\/guepardonline.fr\/wp\/wp-json\/wp\/v2\/media\/1267"}],"wp:attachment":[{"href":"https:\/\/guepardonline.fr\/wp\/wp-json\/wp\/v2\/media?parent=1265"}],"wp:term":[{"taxonomy":"category","embeddable":true,"href":"https:\/\/guepardonline.fr\/wp\/wp-json\/wp\/v2\/categories?post=1265"},{"taxonomy":"post_tag","embeddable":true,"href":"https:\/\/guepardonline.fr\/wp\/wp-json\/wp\/v2\/tags?post=1265"}],"curies":[{"name":"wp","href":"https:\/\/api.w.org\/{rel}","templated":true}]}}